{"id":15216,"date":"2025-02-07T15:41:05","date_gmt":"2025-02-07T14:41:05","guid":{"rendered":"https:\/\/www.unimedia.tech\/press\/una-empresa-de-catalunya-ha-participat-en-la-creacio-de-mitjons-intelligents-que-poden-predir-crisis-en-una-persona-amb-demencia-o-alzheimer\/"},"modified":"2025-02-13T17:28:23","modified_gmt":"2025-02-13T16:28:23","slug":"una-empresa-de-catalunya-ha-participat-en-la-creacio-de-mitjons-intelligents-que-poden-predir-crisis-en-una-persona-amb-demencia-o-alzheimer","status":"publish","type":"press","link":"https:\/\/www.unimedia.tech\/ca\/press\/una-empresa-de-catalunya-ha-participat-en-la-creacio-de-mitjons-intelligents-que-poden-predir-crisis-en-una-persona-amb-demencia-o-alzheimer\/","title":{"rendered":"Una empresa de Catalunya ha participat en la creaci\u00f3 de mitjons intel\u00b7ligents que poden predir crisis en una persona amb dem\u00e8ncia o Alzheimer."},"content":{"rendered":"<p data-start=\"0\" data-end=\"173\">La premsa espanyola continua cobrint el llan\u00e7ament del projecte <strong data-start=\"64\" data-end=\"79\">Smart Socks<\/strong>. Avui, el nostre CEO, <strong data-start=\"102\" data-end=\"117\">Jaume Vidal<\/strong>, ha estat entrevistat a l\u2019emissora catalana <strong data-start=\"162\" data-end=\"170\">RAC1<\/strong>.<\/p>\n<p data-start=\"175\" data-end=\"194\">(<strong data-start=\"176\" data-end=\"191\">Jordi Bast\u00e9<\/strong>)<\/p>\n<p data-start=\"196\" data-end=\"720\"><em data-start=\"196\" data-end=\"718\">&#8220;Una empresa de Catalunya ha participat en la creaci\u00f3\u2014pareu atenci\u00f3\u2014de mitjons intel\u00b7ligents. S\u00ed, mitjons que poden predir quan una persona amb dem\u00e8ncia o Alzheimer est\u00e0 en risc de caure. Aquests mitjons mesuren la freq\u00fc\u00e8ncia card\u00edaca i el nivell de sudoraci\u00f3 del pacient, i si detecten alguna anomalia, alerten els cuidadors a trav\u00e9s del m\u00f2bil. De moment, s\u2019estan provant en un assaig cl\u00ednic que t\u00e9 lloc al Regne Unit. Per aprofundir en aquest aven\u00e7\u2014un desenvolupament incre\u00efble, per\u00f2 magn\u00edfic\u2014tenim en Lluc Corominas.&#8221;<\/em><\/p>\n<p data-start=\"722\" data-end=\"744\">(<strong data-start=\"723\" data-end=\"741\">Lluc Corominas<\/strong>)<\/p>\n<p data-start=\"746\" data-end=\"1247\">&#8220;L\u2019empresa catalana que ha desenvolupat aquests mitjons \u00e9s <strong data-start=\"806\" data-end=\"829\">Unimedia Technology<\/strong>, amb seu a Castelldefels. Han treballat colze a colze amb l\u2019empresa brit\u00e0nica <strong data-start=\"908\" data-end=\"921\">Millbotix<\/strong>. Els <strong data-start=\"927\" data-end=\"942\">Smart Socks<\/strong>, com s\u2019han anomenat, funcionen amb sensors que, amb l\u2019ajuda de la intel\u00b7lig\u00e8ncia artificial, mesuren factors com la freq\u00fc\u00e8ncia card\u00edaca, la sudoraci\u00f3, la temperatura corporal i el moviment. Quan algun d\u2019aquests par\u00e0metres es desestabilitza, el sistema alerta els cuidadors perqu\u00e8 puguin actuar a temps.<\/p>\n<p data-start=\"1249\" data-end=\"1571\">Els creadors del projecte expliquen que el seu objectiu \u00e9s prevenir situacions d\u2019estr\u00e8s en persones amb Alzheimer o dem\u00e8ncia, ja que aquestes poden derivar en comportaments agressius, caigudes o lesions. El CEO d\u2019Unimedia, <strong data-start=\"1472\" data-end=\"1487\">Jaume Vidal<\/strong>, explica a <strong data-start=\"1499\" data-end=\"1507\">RAC1<\/strong> per qu\u00e8 van decidir aplicar aquesta tecnologia als mitjons.&#8221;<\/p>\n<p data-start=\"1573\" data-end=\"1592\">(<strong data-start=\"1574\" data-end=\"1589\">Jaume Vidal<\/strong>)<\/p>\n<p data-start=\"1594\" data-end=\"1911\"><em data-start=\"1594\" data-end=\"1909\">&#8220;Hi havia hagut intents previs amb polseres i altres tipus de dispositius, per\u00f2 quan una persona amb dem\u00e8ncia pateix estr\u00e8s, tendeix a arrencar-se\u2019ls, i al final aquests dispositius nom\u00e9s acaben generant m\u00e9s angoixa. Amb els mitjons, aix\u00f2 no passa perqu\u00e8 s\u00f3n c\u00f2modes i els pacients obliden que els porten posats.&#8221;<\/em><\/p>\n<p data-start=\"1913\" data-end=\"1935\">(<strong data-start=\"1914\" data-end=\"1932\">Lluc Coromines<\/strong>)<\/p>\n<p data-start=\"1937\" data-end=\"2177\"><em data-start=\"1937\" data-end=\"2175\">&#8220;El projecte ha rebut un finan\u00e7ament superior als <strong data-start=\"1988\" data-end=\"2005\">600.000 euros<\/strong>. De moment, es troba en fase d\u2019assaig cl\u00ednic al <strong data-start=\"2054\" data-end=\"2068\">Regne Unit<\/strong>, on s\u2019espera que es llanci al mercat en primer lloc. A <strong data-start=\"2124\" data-end=\"2137\">Catalunya<\/strong>, es preveu que arribin el <strong data-start=\"2164\" data-end=\"2172\">2025<\/strong>.&#8221;<\/em><\/p>\n<p data-start=\"2179\" data-end=\"2245\" data-is-last-node=\"\">Podeu escoltar l&#8217;entrevista completa aqu\u00ed (a partir del minut 22):<\/p>\n<p data-start=\"2179\" data-end=\"2245\" data-is-last-node=\"\">\n<p data-start=\"2179\" data-end=\"2245\" data-is-last-node=\"\">\n<audio class=\"wp-audio-shortcode\" id=\"audio-15216-1\" preload=\"none\" style=\"width: 100%;\" controls=\"controls\"><source type=\"audio\/mpeg\" src=\"https:\/\/www.unimedia.tech\/wp-content\/uploads\/2025\/02\/El_m_n_a_RAC1_Dilluns_2024-02-26_08_00.mp3?_=1\" \/><a href=\"https:\/\/www.unimedia.tech\/wp-content\/uploads\/2025\/02\/El_m_n_a_RAC1_Dilluns_2024-02-26_08_00.mp3\">https:\/\/www.unimedia.tech\/wp-content\/uploads\/2025\/02\/El_m_n_a_RAC1_Dilluns_2024-02-26_08_00.mp3<\/a><\/audio>\n","protected":false},"featured_media":14905,"template":"","class_list":["post-15216","press","type-press","status-publish","has-post-thumbnail","hentry"],"acf":[],"yoast_head":"<!-- This site is optimized with the Yoast SEO Premium plugin v21.6 (Yoast SEO v27.1.1) - https:\/\/yoast.com\/product\/yoast-seo-premium-wordpress\/ -->\n<title>Una empresa de Catalunya ha participat en la creaci\u00f3 de mitjons intel\u00b7ligents que poden predir crisis en una persona amb dem\u00e8ncia o Alzheimer. - Unimedia Technology<\/title>\n<meta name=\"robots\" content=\"index, follow, max-snippet:-1, max-image-preview:large, max-video-preview:-1\" \/>\n<link rel=\"canonical\" href=\"https:\/\/www.unimedia.tech\/ca\/press\/una-empresa-de-catalunya-ha-participat-en-la-creacio-de-mitjons-intelligents-que-poden-predir-crisis-en-una-persona-amb-demencia-o-alzheimer\/\" \/>\n<meta property=\"og:locale\" content=\"ca_ES\" \/>\n<meta property=\"og:type\" content=\"article\" \/>\n<meta property=\"og:title\" content=\"Una empresa de Catalunya ha participat en la creaci\u00f3 de mitjons intel\u00b7ligents que poden predir crisis en una persona amb dem\u00e8ncia o Alzheimer.\" \/>\n<meta property=\"og:description\" content=\"La premsa espanyola continua cobrint el llan\u00e7ament del projecte Smart Socks. Avui, el nostre CEO, Jaume Vidal, ha estat entrevistat a l\u2019emissora catalana RAC1. (Jordi Bast\u00e9) &#8220;Una empresa de Catalunya ha participat en la creaci\u00f3\u2014pareu atenci\u00f3\u2014de mitjons intel\u00b7ligents. S\u00ed, mitjons que poden predir quan una persona amb dem\u00e8ncia o Alzheimer est\u00e0 en risc de caure. [&hellip;]\" \/>\n<meta property=\"og:url\" content=\"https:\/\/www.unimedia.tech\/ca\/press\/una-empresa-de-catalunya-ha-participat-en-la-creacio-de-mitjons-intelligents-que-poden-predir-crisis-en-una-persona-amb-demencia-o-alzheimer\/\" \/>\n<meta property=\"og:site_name\" content=\"Unimedia Technology\" \/>\n<meta property=\"article:publisher\" content=\"https:\/\/www.linkedin.com\/company\/unimedia-technology\/\" \/>\n<meta property=\"article:modified_time\" content=\"2025-02-13T16:28:23+00:00\" \/>\n<meta property=\"og:image\" content=\"https:\/\/www.unimedia.tech\/wp-content\/uploads\/2025\/02\/1200x1200bb.jpg\" \/>\n\t<meta property=\"og:image:width\" content=\"900\" \/>\n\t<meta property=\"og:image:height\" content=\"900\" \/>\n\t<meta property=\"og:image:type\" content=\"image\/jpeg\" \/>\n<meta name=\"twitter:card\" content=\"summary_large_image\" \/>\n<meta name=\"twitter:site\" content=\"@UnimediaCTO\" \/>\n<meta name=\"twitter:label1\" content=\"Temps estimat de lectura\" \/>\n\t<meta name=\"twitter:data1\" content=\"2 minuts\" \/>\n<!-- \/ Yoast SEO Premium plugin. -->","yoast_head_json":{"title":"Una empresa de Catalunya ha participat en la creaci\u00f3 de mitjons intel\u00b7ligents que poden predir crisis en una persona amb dem\u00e8ncia o Alzheimer. - Unimedia Technology","robots":{"index":"index","follow":"follow","max-snippet":"max-snippet:-1","max-image-preview":"max-image-preview:large","max-video-preview":"max-video-preview:-1"},"canonical":"https:\/\/www.unimedia.tech\/ca\/press\/una-empresa-de-catalunya-ha-participat-en-la-creacio-de-mitjons-intelligents-que-poden-predir-crisis-en-una-persona-amb-demencia-o-alzheimer\/","og_locale":"ca_ES","og_type":"article","og_title":"Una empresa de Catalunya ha participat en la creaci\u00f3 de mitjons intel\u00b7ligents que poden predir crisis en una persona amb dem\u00e8ncia o Alzheimer.","og_description":"La premsa espanyola continua cobrint el llan\u00e7ament del projecte Smart Socks. Avui, el nostre CEO, Jaume Vidal, ha estat entrevistat a l\u2019emissora catalana RAC1. (Jordi Bast\u00e9) &#8220;Una empresa de Catalunya ha participat en la creaci\u00f3\u2014pareu atenci\u00f3\u2014de mitjons intel\u00b7ligents. S\u00ed, mitjons que poden predir quan una persona amb dem\u00e8ncia o Alzheimer est\u00e0 en risc de caure. [&hellip;]","og_url":"https:\/\/www.unimedia.tech\/ca\/press\/una-empresa-de-catalunya-ha-participat-en-la-creacio-de-mitjons-intelligents-que-poden-predir-crisis-en-una-persona-amb-demencia-o-alzheimer\/","og_site_name":"Unimedia Technology","article_publisher":"https:\/\/www.linkedin.com\/company\/unimedia-technology\/","article_modified_time":"2025-02-13T16:28:23+00:00","og_image":[{"width":900,"height":900,"url":"https:\/\/www.unimedia.tech\/wp-content\/uploads\/2025\/02\/1200x1200bb.jpg","type":"image\/jpeg"}],"twitter_card":"summary_large_image","twitter_site":"@UnimediaCTO","twitter_misc":{"Temps estimat de lectura":"2 minuts"},"schema":{"@context":"https:\/\/schema.org","@graph":[{"@type":"WebPage","@id":"https:\/\/www.unimedia.tech\/ca\/press\/una-empresa-de-catalunya-ha-participat-en-la-creacio-de-mitjons-intelligents-que-poden-predir-crisis-en-una-persona-amb-demencia-o-alzheimer\/","url":"https:\/\/www.unimedia.tech\/ca\/press\/una-empresa-de-catalunya-ha-participat-en-la-creacio-de-mitjons-intelligents-que-poden-predir-crisis-en-una-persona-amb-demencia-o-alzheimer\/","name":"Una empresa de Catalunya ha participat en la creaci\u00f3 de mitjons intel\u00b7ligents que poden predir crisis en una persona amb dem\u00e8ncia o Alzheimer. - Unimedia Technology","isPartOf":{"@id":"https:\/\/www.unimedia.tech\/ca\/#website"},"primaryImageOfPage":{"@id":"https:\/\/www.unimedia.tech\/ca\/press\/una-empresa-de-catalunya-ha-participat-en-la-creacio-de-mitjons-intelligents-que-poden-predir-crisis-en-una-persona-amb-demencia-o-alzheimer\/#primaryimage"},"image":{"@id":"https:\/\/www.unimedia.tech\/ca\/press\/una-empresa-de-catalunya-ha-participat-en-la-creacio-de-mitjons-intelligents-que-poden-predir-crisis-en-una-persona-amb-demencia-o-alzheimer\/#primaryimage"},"thumbnailUrl":"https:\/\/www.unimedia.tech\/wp-content\/uploads\/2025\/02\/1200x1200bb.jpg","datePublished":"2025-02-07T14:41:05+00:00","dateModified":"2025-02-13T16:28:23+00:00","breadcrumb":{"@id":"https:\/\/www.unimedia.tech\/ca\/press\/una-empresa-de-catalunya-ha-participat-en-la-creacio-de-mitjons-intelligents-que-poden-predir-crisis-en-una-persona-amb-demencia-o-alzheimer\/#breadcrumb"},"inLanguage":"ca","potentialAction":[{"@type":"ReadAction","target":["https:\/\/www.unimedia.tech\/ca\/press\/una-empresa-de-catalunya-ha-participat-en-la-creacio-de-mitjons-intelligents-que-poden-predir-crisis-en-una-persona-amb-demencia-o-alzheimer\/"]}]},{"@type":"ImageObject","inLanguage":"ca","@id":"https:\/\/www.unimedia.tech\/ca\/press\/una-empresa-de-catalunya-ha-participat-en-la-creacio-de-mitjons-intelligents-que-poden-predir-crisis-en-una-persona-amb-demencia-o-alzheimer\/#primaryimage","url":"https:\/\/www.unimedia.tech\/wp-content\/uploads\/2025\/02\/1200x1200bb.jpg","contentUrl":"https:\/\/www.unimedia.tech\/wp-content\/uploads\/2025\/02\/1200x1200bb.jpg","width":900,"height":900,"caption":"1.86.0-2VNUY2KVNAR2SYTCFS2JODJGDI.0.1-0"},{"@type":"BreadcrumbList","@id":"https:\/\/www.unimedia.tech\/ca\/press\/una-empresa-de-catalunya-ha-participat-en-la-creacio-de-mitjons-intelligents-que-poden-predir-crisis-en-una-persona-amb-demencia-o-alzheimer\/#breadcrumb","itemListElement":[{"@type":"ListItem","position":1,"name":"Home","item":"https:\/\/www.unimedia.tech\/ca\/"},{"@type":"ListItem","position":2,"name":"Una empresa de Catalunya ha participat en la creaci\u00f3 de mitjons intel\u00b7ligents que poden predir crisis en una persona amb dem\u00e8ncia o Alzheimer."}]},{"@type":"WebSite","@id":"https:\/\/www.unimedia.tech\/ca\/#website","url":"https:\/\/www.unimedia.tech\/ca\/","name":"Unimedia Technology","description":"Your software development partner","publisher":{"@id":"https:\/\/www.unimedia.tech\/ca\/#organization"},"alternateName":"Unimedia Tech","potentialAction":[{"@type":"SearchAction","target":{"@type":"EntryPoint","urlTemplate":"https:\/\/www.unimedia.tech\/ca\/?s={search_term_string}"},"query-input":{"@type":"PropertyValueSpecification","valueRequired":true,"valueName":"search_term_string"}}],"inLanguage":"ca"},{"@type":"Organization","@id":"https:\/\/www.unimedia.tech\/ca\/#organization","name":"Unimedia Technology","alternateName":"Unimedia Tech","url":"https:\/\/www.unimedia.tech\/ca\/","logo":{"@type":"ImageObject","inLanguage":"ca","@id":"https:\/\/www.unimedia.tech\/ca\/#\/schema\/logo\/image\/","url":"https:\/\/www.unimedia.tech\/wp-content\/uploads\/2023\/12\/cloud_border-3.png","contentUrl":"https:\/\/www.unimedia.tech\/wp-content\/uploads\/2023\/12\/cloud_border-3.png","width":403,"height":309,"caption":"Unimedia Technology"},"image":{"@id":"https:\/\/www.unimedia.tech\/ca\/#\/schema\/logo\/image\/"},"sameAs":["https:\/\/www.linkedin.com\/company\/unimedia-technology\/","https:\/\/x.com\/UnimediaCTO","https:\/\/www.instagram.com\/unimedia.technology\/"]}]}},"_links":{"self":[{"href":"https:\/\/www.unimedia.tech\/ca\/wp-json\/wp\/v2\/press\/15216","targetHints":{"allow":["GET"]}}],"collection":[{"href":"https:\/\/www.unimedia.tech\/ca\/wp-json\/wp\/v2\/press"}],"about":[{"href":"https:\/\/www.unimedia.tech\/ca\/wp-json\/wp\/v2\/types\/press"}],"wp:featuredmedia":[{"embeddable":true,"href":"https:\/\/www.unimedia.tech\/ca\/wp-json\/wp\/v2\/media\/14905"}],"wp:attachment":[{"href":"https:\/\/www.unimedia.tech\/ca\/wp-json\/wp\/v2\/media?parent=15216"}],"curies":[{"name":"wp","href":"https:\/\/api.w.org\/{rel}","templated":true}]}}